{"id":6426,"date":"2024-06-09T22:04:12","date_gmt":"2024-06-09T21:04:12","guid":{"rendered":"http:\/\/www.bike-o-nws.ch\/?p=6426"},"modified":"2024-06-09T22:05:51","modified_gmt":"2024-06-09T21:05:51","slug":"argus-bike-ol-sm-mittel","status":"publish","type":"post","link":"http:\/\/www.bike-o-nws.ch\/?p=6426","title":{"rendered":"Argus O&#8217;Bikers, Bike-OL, SM Mittel"},"content":{"rendered":"\n<figure class=\"wp-block-image size-full\"><a href=\"http:\/\/www.bike-o-nws.ch\/wp-content\/uploads\/2024\/06\/SM-Mittel5.jpg\"><img loading=\"lazy\" decoding=\"async\" width=\"623\" height=\"556\" src=\"http:\/\/www.bike-o-nws.ch\/wp-content\/uploads\/2024\/06\/SM-Mittel5.jpg\" alt=\"\" class=\"wp-image-6427\" srcset=\"http:\/\/www.bike-o-nws.ch\/wp-content\/uploads\/2024\/06\/SM-Mittel5.jpg 623w, http:\/\/www.bike-o-nws.ch\/wp-content\/uploads\/2024\/06\/SM-Mittel5-300x268.jpg 300w\" sizes=\"auto, (max-width: 623px) 100vw, 623px\" \/><\/a><\/figure>\n\n\n\n<p>Das Podest der Damen 70 immer das gleiche&#8230;  Ein gutes Dutzend Bike-O NWS Fahrer hat an der Schweizermeisterschaft \u00fcber die Mitteldistanz im aargauischen K\u00f6lliken teilgenommen. Wie vor einer Woche am Vereinsweekend, ohne Regen daf\u00fcr aber die Wege nass und glitschig&#8230;  Nach den Bike-OL&#8217;s im franz\u00f6sischen Jura, konnte man meinen, dass so ein Mittellandwald keine Herausforderung mehr darstellen kann&#8230;  was aber nicht ganz stimmte, denn die Routenwahlprobleme hatten es doch noch in sich. Ein paar Podestpl\u00e4tze gab es dann aber doch.<\/p>\n\n\n\n<p>  <\/p>\n\n\n\n<figure class=\"wp-block-image size-full\"><a href=\"http:\/\/www.bike-o-nws.ch\/wp-content\/uploads\/2024\/06\/SM-Mittel7.jpg\"><img loading=\"lazy\" decoding=\"async\" width=\"627\" height=\"682\" src=\"http:\/\/www.bike-o-nws.ch\/wp-content\/uploads\/2024\/06\/SM-Mittel7.jpg\" alt=\"\" class=\"wp-image-6428\" srcset=\"http:\/\/www.bike-o-nws.ch\/wp-content\/uploads\/2024\/06\/SM-Mittel7.jpg 627w, http:\/\/www.bike-o-nws.ch\/wp-content\/uploads\/2024\/06\/SM-Mittel7-276x300.jpg 276w\" sizes=\"auto, (max-width: 627px) 100vw, 627px\" \/><\/a><\/figure>\n\n\n\n<p>Das Podest der Damen 45&#8230;<\/p>\n\n\n\n<figure class=\"wp-block-image size-full\"><a href=\"http:\/\/www.bike-o-nws.ch\/wp-content\/uploads\/2024\/06\/SM-Mittel8.jpg\"><img loading=\"lazy\" decoding=\"async\" width=\"585\" height=\"519\" src=\"http:\/\/www.bike-o-nws.ch\/wp-content\/uploads\/2024\/06\/SM-Mittel8.jpg\" alt=\"\" class=\"wp-image-6429\" srcset=\"http:\/\/www.bike-o-nws.ch\/wp-content\/uploads\/2024\/06\/SM-Mittel8.jpg 585w, http:\/\/www.bike-o-nws.ch\/wp-content\/uploads\/2024\/06\/SM-Mittel8-300x266.jpg 300w\" sizes=\"auto, (max-width: 585px) 100vw, 585px\" \/><\/a><\/figure>\n\n\n\n<p>Das Podest der Herren 40&#8230;<\/p>\n\n\n\n<figure class=\"wp-block-image size-full\"><a href=\"http:\/\/www.bike-o-nws.ch\/wp-content\/uploads\/2024\/06\/SM-Mittel6.jpg\"><img loading=\"lazy\" decoding=\"async\" width=\"659\" height=\"562\" src=\"http:\/\/www.bike-o-nws.ch\/wp-content\/uploads\/2024\/06\/SM-Mittel6.jpg\" alt=\"\" class=\"wp-image-6430\" srcset=\"http:\/\/www.bike-o-nws.ch\/wp-content\/uploads\/2024\/06\/SM-Mittel6.jpg 659w, http:\/\/www.bike-o-nws.ch\/wp-content\/uploads\/2024\/06\/SM-Mittel6-300x256.jpg 300w\" sizes=\"auto, (max-width: 659px) 100vw, 659px\" \/><\/a><\/figure>\n\n\n\n<p>Das Podest der Herren 75&#8230;<\/p>\n\n\n\n<p>Vom Podest der Herren Kurz mit Dominik als Sieger gibt es leider kein Foto&#8230;<\/p>\n\n\n\n<p>Link zu den Ranglisten: <a href=\"https:\/\/www.o-l.ch\/cgi-bin\/results?type=rang&amp;year=2024&amp;result_event_id=3544&amp;kat=--&amp;club=\">https:\/\/www.o-l.ch\/cgi-bin\/results?type=rang&amp;year=2024&amp;result_event_id=3544&amp;kat=&#8211;&amp;club=<\/a> <\/p>\n","protected":false},"excerpt":{"rendered":"<p>Das Podest der Damen 70 immer das gleiche&#8230; Ein gutes Dutzend Bike-O NWS Fahrer hat an der Schweizermeisterschaft \u00fcber die Mitteldistanz im aargauischen K\u00f6lliken teilgenommen. Wie vor einer Woche am Vereinsweekend, ohne Regen daf\u00fcr aber die Wege nass und glitschig&#8230;&#8230;<br \/><a class=\"read-more-button\" href=\"http:\/\/www.bike-o-nws.ch\/?p=6426\">Mehr Lesen<\/a><\/p>\n","protected":false},"author":2,"featured_media":6427,"comment_status":"closed","ping_status":"closed","sticky":false,"template":"","format":"standard","meta":{"ngg_post_thumbnail":0,"footnotes":""},"categories":[1],"tags":[],"class_list":["post-6426","post","type-post","status-publish","format-standard","has-post-thumbnail","hentry","category-allgemein"],"_links":{"self":[{"href":"http:\/\/www.bike-o-nws.ch\/index.php?rest_route=\/wp\/v2\/posts\/6426","targetHints":{"allow":["GET"]}}],"collection":[{"href":"http:\/\/www.bike-o-nws.ch\/index.php?rest_route=\/wp\/v2\/posts"}],"about":[{"href":"http:\/\/www.bike-o-nws.ch\/index.php?rest_route=\/wp\/v2\/types\/post"}],"author":[{"embeddable":true,"href":"http:\/\/www.bike-o-nws.ch\/index.php?rest_route=\/wp\/v2\/users\/2"}],"replies":[{"embeddable":true,"href":"http:\/\/www.bike-o-nws.ch\/index.php?rest_route=%2Fwp%2Fv2%2Fcomments&post=6426"}],"version-history":[{"count":2,"href":"http:\/\/www.bike-o-nws.ch\/index.php?rest_route=\/wp\/v2\/posts\/6426\/revisions"}],"predecessor-version":[{"id":6432,"href":"http:\/\/www.bike-o-nws.ch\/index.php?rest_route=\/wp\/v2\/posts\/6426\/revisions\/6432"}],"wp:featuredmedia":[{"embeddable":true,"href":"http:\/\/www.bike-o-nws.ch\/index.php?rest_route=\/wp\/v2\/media\/6427"}],"wp:attachment":[{"href":"http:\/\/www.bike-o-nws.ch\/index.php?rest_route=%2Fwp%2Fv2%2Fmedia&parent=6426"}],"wp:term":[{"taxonomy":"category","embeddable":true,"href":"http:\/\/www.bike-o-nws.ch\/index.php?rest_route=%2Fwp%2Fv2%2Fcategories&post=6426"},{"taxonomy":"post_tag","embeddable":true,"href":"http:\/\/www.bike-o-nws.ch\/index.php?rest_route=%2Fwp%2Fv2%2Ftags&post=6426"}],"curies":[{"name":"wp","href":"https:\/\/api.w.org\/{rel}","templated":true}]}}