{"id":6283,"date":"2023-12-28T22:37:29","date_gmt":"2023-12-28T21:37:29","guid":{"rendered":"http:\/\/www.bike-o-nws.ch\/?p=6283"},"modified":"2023-12-28T23:46:24","modified_gmt":"2023-12-28T22:46:24","slug":"weihnachtsbiketour-8","status":"publish","type":"post","link":"http:\/\/www.bike-o-nws.ch\/?p=6283","title":{"rendered":"Weihnachtsbiketour"},"content":{"rendered":"\n<figure class=\"wp-block-image size-full\"><a href=\"http:\/\/www.bike-o-nws.ch\/wp-content\/uploads\/2023\/12\/Laemplibike.jpg\"><img loading=\"lazy\" decoding=\"async\" width=\"959\" height=\"665\" src=\"http:\/\/www.bike-o-nws.ch\/wp-content\/uploads\/2023\/12\/Laemplibike.jpg\" alt=\"\" class=\"wp-image-6284\" srcset=\"http:\/\/www.bike-o-nws.ch\/wp-content\/uploads\/2023\/12\/Laemplibike.jpg 959w, http:\/\/www.bike-o-nws.ch\/wp-content\/uploads\/2023\/12\/Laemplibike-300x208.jpg 300w, http:\/\/www.bike-o-nws.ch\/wp-content\/uploads\/2023\/12\/Laemplibike-768x533.jpg 768w, http:\/\/www.bike-o-nws.ch\/wp-content\/uploads\/2023\/12\/Laemplibike-956x663.jpg 956w\" sizes=\"auto, (max-width: 959px) 100vw, 959px\" \/><\/a><\/figure>\n\n\n\n<p>Auch dieses Jahr wieder dabei, das Weihnachtsbike von Martin&#8230;.   Bei idealem Wetter machten wir uns auf, zur inzwischen bereits traditionellen, Weihnachtsbiketour.  So sind auch die Teilnehmer,  jedes Jahr die gleichen. Aufgeteilt in zwei Gruppen, f\u00fchrte die Tour hinauf zum Lindenstock. W\u00e4hrend die eine Gruppe dann wieder zur\u00fcck fuhr, wagte die andere noch den Aufstieg zum Schleifenberg. Einfach immer eine spezielle Stimmung  mit grandiosen Aussichten in der Dunkelheit. <\/p>\n\n\n\n<figure class=\"wp-block-image size-full\"><a href=\"http:\/\/www.bike-o-nws.ch\/wp-content\/uploads\/2023\/12\/Weihnachtsbiketour23-2.jpg\"><img loading=\"lazy\" decoding=\"async\" width=\"734\" height=\"888\" src=\"http:\/\/www.bike-o-nws.ch\/wp-content\/uploads\/2023\/12\/Weihnachtsbiketour23-2.jpg\" alt=\"\" class=\"wp-image-6285\" srcset=\"http:\/\/www.bike-o-nws.ch\/wp-content\/uploads\/2023\/12\/Weihnachtsbiketour23-2.jpg 734w, http:\/\/www.bike-o-nws.ch\/wp-content\/uploads\/2023\/12\/Weihnachtsbiketour23-2-248x300.jpg 248w\" sizes=\"auto, (max-width: 734px) 100vw, 734px\" \/><\/a><\/figure>\n\n\n\n<p>eine improvisierte Garderobe zum Umziehen&#8230;<\/p>\n\n\n\n<figure class=\"wp-block-image size-full\"><a href=\"http:\/\/www.bike-o-nws.ch\/wp-content\/uploads\/2023\/12\/Weihnachtsbiketour23.jpg\"><img loading=\"lazy\" decoding=\"async\" width=\"883\" height=\"484\" src=\"http:\/\/www.bike-o-nws.ch\/wp-content\/uploads\/2023\/12\/Weihnachtsbiketour23.jpg\" alt=\"\" class=\"wp-image-6286\" srcset=\"http:\/\/www.bike-o-nws.ch\/wp-content\/uploads\/2023\/12\/Weihnachtsbiketour23.jpg 883w, http:\/\/www.bike-o-nws.ch\/wp-content\/uploads\/2023\/12\/Weihnachtsbiketour23-300x164.jpg 300w, http:\/\/www.bike-o-nws.ch\/wp-content\/uploads\/2023\/12\/Weihnachtsbiketour23-768x421.jpg 768w\" sizes=\"auto, (max-width: 883px) 100vw, 883px\" \/><\/a><\/figure>\n\n\n\n<p>auf dem Schleifenbergturm&#8230;<\/p>\n\n\n\n<figure class=\"wp-block-image size-full\"><a href=\"http:\/\/www.bike-o-nws.ch\/wp-content\/uploads\/2023\/12\/Weihnachtsbiketour23-3.jpg\"><img loading=\"lazy\" decoding=\"async\" width=\"988\" height=\"741\" src=\"http:\/\/www.bike-o-nws.ch\/wp-content\/uploads\/2023\/12\/Weihnachtsbiketour23-3.jpg\" alt=\"\" class=\"wp-image-6287\" srcset=\"http:\/\/www.bike-o-nws.ch\/wp-content\/uploads\/2023\/12\/Weihnachtsbiketour23-3.jpg 988w, http:\/\/www.bike-o-nws.ch\/wp-content\/uploads\/2023\/12\/Weihnachtsbiketour23-3-300x225.jpg 300w, http:\/\/www.bike-o-nws.ch\/wp-content\/uploads\/2023\/12\/Weihnachtsbiketour23-3-768x576.jpg 768w, http:\/\/www.bike-o-nws.ch\/wp-content\/uploads\/2023\/12\/Weihnachtsbiketour23-3-956x717.jpg 956w\" sizes=\"auto, (max-width: 988px) 100vw, 988px\" \/><\/a><\/figure>\n\n\n\n<p>zum Abschluss noch der gem\u00fctliche Teil&#8230;<\/p>\n","protected":false},"excerpt":{"rendered":"<p>Auch dieses Jahr wieder dabei, das Weihnachtsbike von Martin&#8230;. Bei idealem Wetter machten wir uns auf, zur inzwischen bereits traditionellen, Weihnachtsbiketour. So sind auch die Teilnehmer, jedes Jahr die gleichen. Aufgeteilt in zwei Gruppen, f\u00fchrte die Tour hinauf zum Lindenstock&#8230;.<br \/><a class=\"read-more-button\" href=\"http:\/\/www.bike-o-nws.ch\/?p=6283\">Mehr Lesen<\/a><\/p>\n","protected":false},"author":2,"featured_media":6284,"comment_status":"closed","ping_status":"closed","sticky":false,"template":"","format":"standard","meta":{"ngg_post_thumbnail":0,"footnotes":""},"categories":[1],"tags":[],"class_list":["post-6283","post","type-post","status-publish","format-standard","has-post-thumbnail","hentry","category-allgemein"],"_links":{"self":[{"href":"http:\/\/www.bike-o-nws.ch\/index.php?rest_route=\/wp\/v2\/posts\/6283","targetHints":{"allow":["GET"]}}],"collection":[{"href":"http:\/\/www.bike-o-nws.ch\/index.php?rest_route=\/wp\/v2\/posts"}],"about":[{"href":"http:\/\/www.bike-o-nws.ch\/index.php?rest_route=\/wp\/v2\/types\/post"}],"author":[{"embeddable":true,"href":"http:\/\/www.bike-o-nws.ch\/index.php?rest_route=\/wp\/v2\/users\/2"}],"replies":[{"embeddable":true,"href":"http:\/\/www.bike-o-nws.ch\/index.php?rest_route=%2Fwp%2Fv2%2Fcomments&post=6283"}],"version-history":[{"count":3,"href":"http:\/\/www.bike-o-nws.ch\/index.php?rest_route=\/wp\/v2\/posts\/6283\/revisions"}],"predecessor-version":[{"id":6290,"href":"http:\/\/www.bike-o-nws.ch\/index.php?rest_route=\/wp\/v2\/posts\/6283\/revisions\/6290"}],"wp:featuredmedia":[{"embeddable":true,"href":"http:\/\/www.bike-o-nws.ch\/index.php?rest_route=\/wp\/v2\/media\/6284"}],"wp:attachment":[{"href":"http:\/\/www.bike-o-nws.ch\/index.php?rest_route=%2Fwp%2Fv2%2Fmedia&parent=6283"}],"wp:term":[{"taxonomy":"category","embeddable":true,"href":"http:\/\/www.bike-o-nws.ch\/index.php?rest_route=%2Fwp%2Fv2%2Fcategories&post=6283"},{"taxonomy":"post_tag","embeddable":true,"href":"http:\/\/www.bike-o-nws.ch\/index.php?rest_route=%2Fwp%2Fv2%2Ftags&post=6283"}],"curies":[{"name":"wp","href":"https:\/\/api.w.org\/{rel}","templated":true}]}}