{"id":2311,"date":"2015-08-02T22:03:52","date_gmt":"2015-08-02T21:03:52","guid":{"rendered":"http:\/\/www.bike-o-nws.ch\/?p=2311"},"modified":"2015-08-02T22:03:52","modified_gmt":"2015-08-02T21:03:52","slug":"biketour-aufs-gempenplateau","status":"publish","type":"post","link":"http:\/\/www.bike-o-nws.ch\/?p=2311","title":{"rendered":"Biketour aufs Gempenplateau"},"content":{"rendered":"<p><img loading=\"lazy\" decoding=\"async\" class=\"alignnone size-medium wp-image-2312\" src=\"http:\/\/www.bike-o-nws.ch\/wp-content\/uploads\/2015\/08\/Hindernis-300x203.gif\" alt=\"Hindernis\" width=\"300\" height=\"203\" \/>Auch Hindernisse mussten \u00fcberwunden werden&#8230;&#8230;..<\/p>\n<p>Diesmal f\u00fchrte die Tour von Pratteln, via Erli &#8211; Adler &#8211; Bad Schauenburg &#8211; R\u00f6serental &#8211; Munifeld &#8211; B\u00fcren &#8211; B\u00fcrenfluh &#8211; Hochwald &#8211; Gempen &#8211; Felsenheim &#8211; Madlech\u00f6pfli, zur\u00fcck nach Pratteln. Dank den Vorbereitungen f\u00fcr unseren Bike-OL sind wir sogar ein paar &#8222;neue&#8220; Wege gefahren. Wegen eines Singletrails, dessen Einstieg wir dann doch nicht gefunden hatten, gab es zum Schluss f\u00fcr die Mehrheit noch eine Bikewanderung ums Madlech\u00f6pfli.<\/p>\n<p><a href=\"http:\/\/www.bike-o-nws.ch\/wp-content\/uploads\/2015\/08\/Bikes.gif\"><img loading=\"lazy\" decoding=\"async\" class=\"alignnone size-medium wp-image-2315\" src=\"http:\/\/www.bike-o-nws.ch\/wp-content\/uploads\/2015\/08\/Bikes-300x198.gif\" alt=\"Bikes\" width=\"300\" height=\"198\" \/><\/a><img loading=\"lazy\" decoding=\"async\" class=\"alignnone  wp-image-2313\" src=\"http:\/\/www.bike-o-nws.ch\/wp-content\/uploads\/2015\/08\/Abstieg-300x215.gif\" alt=\"Abstieg\" width=\"273\" height=\"196\" \/>Die Bikes warteten schon unten auf dem Weg, w\u00e4hrend sich f\u00fcr die Damen der Abstieg auch ohne Bike\u00a0 schwierig gestaltete&#8230;&#8230;<\/p>\n<p><a href=\"http:\/\/www.bike-o-nws.ch\/wp-content\/uploads\/2015\/08\/Andr\u00e9Karin.gif\"><img loading=\"lazy\" decoding=\"async\" class=\"alignnone size-medium wp-image-2316\" src=\"http:\/\/www.bike-o-nws.ch\/wp-content\/uploads\/2015\/08\/Andr\u00e9Karin-300x221.gif\" alt=\"Andr\u00e9Karin\" width=\"300\" height=\"221\" \/><\/a>Dazwischen gab es aber auch angenehm zu befahrende Strecken&#8230;<\/p>\n<p>&nbsp;<\/p>\n","protected":false},"excerpt":{"rendered":"<p>Auch Hindernisse mussten \u00fcberwunden werden&#8230;&#8230;.. Diesmal f\u00fchrte die Tour von Pratteln, via Erli &#8211; Adler &#8211; Bad Schauenburg &#8211; R\u00f6serental &#8211; Munifeld &#8211; B\u00fcren &#8211; B\u00fcrenfluh &#8211; Hochwald &#8211; Gempen &#8211; Felsenheim &#8211; Madlech\u00f6pfli, zur\u00fcck nach Pratteln. Dank den Vorbereitungen&#8230;<br \/><a class=\"read-more-button\" href=\"http:\/\/www.bike-o-nws.ch\/?p=2311\">Mehr Lesen<\/a><\/p>\n","protected":false},"author":2,"featured_media":2312,"comment_status":"closed","ping_status":"closed","sticky":false,"template":"","format":"standard","meta":{"ngg_post_thumbnail":0,"footnotes":""},"categories":[1],"tags":[],"class_list":["post-2311","post","type-post","status-publish","format-standard","has-post-thumbnail","hentry","category-allgemein"],"_links":{"self":[{"href":"http:\/\/www.bike-o-nws.ch\/index.php?rest_route=\/wp\/v2\/posts\/2311","targetHints":{"allow":["GET"]}}],"collection":[{"href":"http:\/\/www.bike-o-nws.ch\/index.php?rest_route=\/wp\/v2\/posts"}],"about":[{"href":"http:\/\/www.bike-o-nws.ch\/index.php?rest_route=\/wp\/v2\/types\/post"}],"author":[{"embeddable":true,"href":"http:\/\/www.bike-o-nws.ch\/index.php?rest_route=\/wp\/v2\/users\/2"}],"replies":[{"embeddable":true,"href":"http:\/\/www.bike-o-nws.ch\/index.php?rest_route=%2Fwp%2Fv2%2Fcomments&post=2311"}],"version-history":[{"count":1,"href":"http:\/\/www.bike-o-nws.ch\/index.php?rest_route=\/wp\/v2\/posts\/2311\/revisions"}],"predecessor-version":[{"id":2317,"href":"http:\/\/www.bike-o-nws.ch\/index.php?rest_route=\/wp\/v2\/posts\/2311\/revisions\/2317"}],"wp:featuredmedia":[{"embeddable":true,"href":"http:\/\/www.bike-o-nws.ch\/index.php?rest_route=\/wp\/v2\/media\/2312"}],"wp:attachment":[{"href":"http:\/\/www.bike-o-nws.ch\/index.php?rest_route=%2Fwp%2Fv2%2Fmedia&parent=2311"}],"wp:term":[{"taxonomy":"category","embeddable":true,"href":"http:\/\/www.bike-o-nws.ch\/index.php?rest_route=%2Fwp%2Fv2%2Fcategories&post=2311"},{"taxonomy":"post_tag","embeddable":true,"href":"http:\/\/www.bike-o-nws.ch\/index.php?rest_route=%2Fwp%2Fv2%2Ftags&post=2311"}],"curies":[{"name":"wp","href":"https:\/\/api.w.org\/{rel}","templated":true}]}}